{"id":960,"date":"2018-09-04T13:38:55","date_gmt":"2018-09-04T10:38:55","guid":{"rendered":"http:\/\/addgrup.com\/?post_type=news&#038;p=960"},"modified":"2020-11-05T18:16:40","modified_gmt":"2020-11-05T15:16:40","slug":"addax-obespecivaet-maksimalinuyu-proizvoditelinosti-ami-blagodarya-novym-razrabotkam-uznaite-kak-na-euw-2018","status":"publish","type":"news","link":"https:\/\/addgrup.com\/es\/news\/addax-obespecivaet-maksimalinuyu-proizvoditelinosti-ami-blagodarya-novym-razrabotkam-uznaite-kak-na-euw-2018\/","title":{"rendered":"ADDAX asegura el rendimiento m\u00e1ximo AMI debido a nuevas elaboraciones. Descubra c\u00f3mo en EUW 2018"},"content":{"rendered":"<p><\/p>\n<div class=\"background-image \">\n<div class=\"wrapper\">\n<div class=\"container container-body \">\n<p>ADD GRUP Les invita a la exposici\u00f3n anual European Utility Week 2018, que tendr\u00e1 lugar este a\u00f1o en Viena. Es una buena plataforma para encuentros con los especialistas europeos profesionistas en energ\u00e9tica, para formaci\u00f3n de relaciones comerciales, para gesti\u00f3n de negocios y promoci\u00f3n de nuevos proyectos.<\/p>\n<p>Este a\u00f1o nosotros vamos a presentar a nuestros socios existentes y futuros unas elaboraciones innovadoras en el dominio de medici\u00f3n inteligente. Cabe prestar una atenci\u00f3n aparte a los contadores inteligentes y contadores de pago adelantado, que funcionan a base de una plataforma universal ADDAX IMS, que soporta la tecnolog\u00eda G3-PLC y la tecnolog\u00eda PRIME 1.3.6 y 1.4 en gama de frecuencias CENELEC y FCC.<\/p>\n<p>La utilizaci\u00f3n de soluciones OFDM asegura la compatibilidad de los contadores con el equipamiento de medici\u00f3n de otros fabricantes y asegura un intercambio de informaci\u00f3n de alta velocidad. El cambio de la tecnolog\u00eda OFDM utilizada puede ser efectuado mediante la actualizaci\u00f3n del firmware de modo local y remoto, sin gastos adicionales por un equipamiento nuevo.<\/p>\n<p>Todos los equipos ADDAX IMS presentados en la exposici\u00f3n disponen de certificados internacionales, recibidos en los laboratorios de varios pa\u00edses, lo que garantiza su calidad y fiabilidad.<\/p>\n<p>El evento tendr\u00e1 lugar en la capital de Austria del 6 a 8 de noviembre, y el stand ADD GRUP se encontrar\u00e1 en Hall A, n\u00famero A.k16.<\/p>\n<p>Si Su Compa\u00f1\u00eda desea conocer m\u00e1s detalles sobre nuestras elaboraciones y est\u00e1 interesada en una futura colaboraci\u00f3n, no dude en ponerse en contacto con nosotros para establecer de antemano una entrevista de negociaciones, enviando un mensaje a siguiente direcci\u00f3n electr\u00f3nica: info@addgrup.com. Ser\u00e1 un placer para nuestro equipo entrevistarse con Usted y responder a sus preguntas.<\/p>\n<\/div>\n<\/div>\n<\/div>\n<p><\/p>","protected":false},"template":"","acf":[],"_links":{"self":[{"href":"https:\/\/addgrup.com\/es\/wp-json\/wp\/v2\/news\/960"}],"collection":[{"href":"https:\/\/addgrup.com\/es\/wp-json\/wp\/v2\/news"}],"about":[{"href":"https:\/\/addgrup.com\/es\/wp-json\/wp\/v2\/types\/news"}],"wp:attachment":[{"href":"https:\/\/addgrup.com\/es\/wp-json\/wp\/v2\/media?parent=960"}],"curies":[{"name":"wp","href":"https:\/\/api.w.org\/{rel}","templated":true}]}}